{"id":6527,"date":"2024-04-12T14:06:19","date_gmt":"2024-04-12T14:06:19","guid":{"rendered":"https:\/\/frequence-tv.ch\/eclairage-de-qualite-et-automatisation-des-stores-frequence-tv-etend-son-partenariat-avec-le-leader-mondial-lutron"},"modified":"2024-04-12T14:14:50","modified_gmt":"2024-04-12T14:14:50","slug":"eclairage-de-qualite-et-automatisation-des-stores-frequence-tv-etend-son-partenariat-avec-le-leader-mondial-lutron","status":"publish","type":"post","link":"https:\/\/frequence-tv.ch\/en\/eclairage-de-qualite-et-automatisation-des-stores-frequence-tv-etend-son-partenariat-avec-le-leader-mondial-lutron\/","title":{"rendered":"\u00c9clairage de qualit\u00e9 et automatisation des stores : Fr\u00e9quence TV \u00e9tend son partenariat avec le leader mondial Lutron"},"content":{"rendered":"<div class=\"wpb-content-wrapper\"><p>[vc_row][vc_column][vc_column_text text_larger=&#8221;no&#8221;]<\/p>\n<p>Chez Fr\u00e9quence TV, nous sommes fiers d&#8217;affirmer notre engagement continu dans notre partenariat avec Lutron, le leader mondial en mati\u00e8re de contr\u00f4le de l&#8217;\u00e9clairage et de stores automatis\u00e9s. Cette collaboration renforc\u00e9e refl\u00e8te notre engagement ind\u00e9fectible \u00e0 offrir \u00e0 nos clients suisses une technologie de pointe et des solutions de qualit\u00e9 sup\u00e9rieure.<\/p>\n<p><strong>Fr\u00e9quence TV et Lutron : Une Alliance de Confiance<\/strong><\/p>\n<p>En tant que soci\u00e9t\u00e9 bas\u00e9e en Suisse, avec des showrooms \u00e0 Gen\u00e8ve et \u00e0 Nyon, chez Fr\u00e9quence TV, nous mettons un point d&#8217;honneur \u00e0 collaborer avec des partenaires de confiance qui partagent nos valeurs d&#8217;excellence et d&#8217;innovation. Lutron est depuis longtemps reconnu comme un pionnier dans son domaine, offrant des solutions d&#8217;\u00e9clairage et de stores de haute qualit\u00e9 qui allient style, fonctionnalit\u00e9 et efficacit\u00e9 \u00e9nerg\u00e9tique.<\/p>\n<p><strong>Une Nouvelle Dimension pour Fr\u00e9quence TV<\/strong><\/p>\n<p>Notre partenariat \u00e9tendu avec Lutron nous permet de proposer \u00e0 nos clients suisses une gamme encore plus \u00e9tendue de produits et de services de qualit\u00e9 sup\u00e9rieure. En tant que sp\u00e9cialistes de l&#8217;\u00e9clairage et de l&#8217;automatisation des stores, nous sommes ravis de pouvoir offrir les innovations technologiques les plus avanc\u00e9es de Lutron \u00e0 nos clients, leur garantissant ainsi des espaces de vie et de travail plus confortables, plus esth\u00e9tiques et plus \u00e9co\u00e9nerg\u00e9tiques. Gr\u00e2ce \u00e0 notre collaboration \u00e9troite avec Lutron, nous pouvons d\u00e9sormais offrir une gamme \u00e9largie de solutions d&#8217;\u00e9clairage et de stores qui r\u00e9pondent \u00e0 une vari\u00e9t\u00e9 de besoins et de pr\u00e9f\u00e9rences. Que ce soit pour une r\u00e9sidence priv\u00e9e, un bureau professionnel ou un espace commercial, Fr\u00e9quence TV est votre partenaire de confiance pour des solutions d&#8217;\u00e9clairage et de stores personnalis\u00e9es qui s&#8217;adaptent parfaitement \u00e0 votre environnement.<\/p>\n<p><strong>Gen\u00e8ve et Nyon : Showrooms de l&#8217;Excellence<\/strong><\/p>\n<p>Nos showrooms \u00e0 Gen\u00e8ve et \u00e0 Nyon sont le reflet de notre engagement envers nos clients suisses. En visitant nos espaces d&#8217;exposition, nos clients peuvent d\u00e9couvrir en personne les derni\u00e8res solutions d&#8217;\u00e9clairage et de stores de Lutron, ainsi que les services haut de gamme que nous proposons chez Fr\u00e9quence TV. Avec des d\u00e9monstrations pratiques et des conseils personnalis\u00e9s de nos experts, nous nous engageons \u00e0 offrir une exp\u00e9rience client exceptionnelle \u00e0 chaque visite.<\/p>\n<p><strong>Venez D\u00e9couvrir l&#8217;Excellence<\/strong><\/p>\n<p>Si vous cherchez \u00e0 am\u00e9liorer l&#8217;efficacit\u00e9 \u00e9nerg\u00e9tique, \u00e0 rehausser l&#8217;esth\u00e9tique de votre espace ou \u00e0 automatiser votre environnement, Fr\u00e9quence TV et Lutron sont l\u00e0 pour vous accompagner. Avec notre expertise combin\u00e9e et notre engagement envers l&#8217;innovation, nous sommes pr\u00eats \u00e0 r\u00e9pondre \u00e0 tous vos besoins en mati\u00e8re d&#8217;\u00e9clairage et d&#8217;automatisation des stores.<\/p>\n<p>[\/vc_column_text][\/vc_column][\/vc_row]<\/p>\n<\/div>","protected":false},"excerpt":{"rendered":"<p>[vc_row][vc_column][vc_column_text text_larger=&#8221;no&#8221;] Chez Fr\u00e9quence TV, nous sommes fiers d&#8217;affirmer notre engagement continu dans notre partenariat avec Lutron, le leader mondial<\/p>\n","protected":false},"author":1,"featured_media":6521,"comment_status":"closed","ping_status":"closed","sticky":false,"template":"","format":"standard","meta":{"footnotes":""},"categories":[130],"tags":[],"class_list":["post-6527","post","type-post","status-publish","format-standard","has-post-thumbnail","hentry","category-frequence-tv-en"],"aioseo_notices":[],"_links":{"self":[{"href":"https:\/\/frequence-tv.ch\/en\/wp-json\/wp\/v2\/posts\/6527","targetHints":{"allow":["GET"]}}],"collection":[{"href":"https:\/\/frequence-tv.ch\/en\/wp-json\/wp\/v2\/posts"}],"about":[{"href":"https:\/\/frequence-tv.ch\/en\/wp-json\/wp\/v2\/types\/post"}],"author":[{"embeddable":true,"href":"https:\/\/frequence-tv.ch\/en\/wp-json\/wp\/v2\/users\/1"}],"replies":[{"embeddable":true,"href":"https:\/\/frequence-tv.ch\/en\/wp-json\/wp\/v2\/comments?post=6527"}],"version-history":[{"count":4,"href":"https:\/\/frequence-tv.ch\/en\/wp-json\/wp\/v2\/posts\/6527\/revisions"}],"predecessor-version":[{"id":6532,"href":"https:\/\/frequence-tv.ch\/en\/wp-json\/wp\/v2\/posts\/6527\/revisions\/6532"}],"wp:featuredmedia":[{"embeddable":true,"href":"https:\/\/frequence-tv.ch\/en\/wp-json\/wp\/v2\/media\/6521"}],"wp:attachment":[{"href":"https:\/\/frequence-tv.ch\/en\/wp-json\/wp\/v2\/media?parent=6527"}],"wp:term":[{"taxonomy":"category","embeddable":true,"href":"https:\/\/frequence-tv.ch\/en\/wp-json\/wp\/v2\/categories?post=6527"},{"taxonomy":"post_tag","embeddable":true,"href":"https:\/\/frequence-tv.ch\/en\/wp-json\/wp\/v2\/tags?post=6527"}],"curies":[{"name":"wp","href":"https:\/\/api.w.org\/{rel}","templated":true}]}}